{"id":332921,"date":"2021-06-11T11:54:10","date_gmt":"2021-06-11T09:54:10","guid":{"rendered":"https:\/\/tauceramica.com\/resume-de-la-conference-de-presse-du-groupe-pamesa\/"},"modified":"2024-11-19T09:23:52","modified_gmt":"2024-11-19T08:23:52","slug":"resume-de-la-conference-de-presse-du-groupe-pamesa","status":"publish","type":"post","link":"https:\/\/www.tauceramica.com\/fr\/resume-de-la-conference-de-presse-du-groupe-pamesa\/","title":{"rendered":"R\u00e9sum\u00e9 de la conf\u00e9rence de presse du Groupe Pamesa"},"content":{"rendered":"\n<h2 class=\"has-text-align-center wp-block-heading\"><strong>Pr\u00e9sentation du Groupe entrepreneurial Pamesa <\/strong><\/h2>\n\n\n\n<figure class=\"wp-block-video\"><video height=\"1080\" style=\"aspect-ratio: 1920 \/ 1080;\" width=\"1920\" controls src=\"https:\/\/tauceramica.com\/wp-content\/uploads\/2021\/06\/Pamesa-Grupo-Empresarial-2021-1.mp4\"><\/video><\/figure>\n\n\n\n<h2 class=\"has-text-align-center wp-block-heading\"><strong>Employ\u00e9s et contexte Covid<\/strong><\/h2>\n\n\n\n<figure class=\"wp-block-video\"><video height=\"1080\" style=\"aspect-ratio: 1920 \/ 1080;\" width=\"1920\" controls src=\"https:\/\/tauceramica.com\/wp-content\/uploads\/2021\/06\/Pamesa-Grupo-Empresarial-Covid-and-employees-English-Version.mp4\"><\/video><\/figure>\n\n\n\n<h2 class=\"has-text-align-center wp-block-heading\"><strong>Responsabilit\u00e9 soci\u00e9tale de l\u2019entreprise<\/strong><\/h2>\n\n\n\n<figure class=\"wp-block-video\"><video height=\"1080\" style=\"aspect-ratio: 1920 \/ 1080;\" width=\"1920\" controls src=\"https:\/\/tauceramica.com\/wp-content\/uploads\/2021\/06\/Pamesa-Grupo-Empresarial-with-Society-2021-English-Version.mp4\"><\/video><\/figure>\n\n\n\n<h2 class=\"has-text-align-center wp-block-heading\"><strong>Investissements du Groupe Pamesa<\/strong><\/h2>\n\n\n\n<figure class=\"wp-block-video\"><video height=\"1080\" style=\"aspect-ratio: 1920 \/ 1080;\" width=\"1920\" controls src=\"https:\/\/tauceramica.com\/wp-content\/uploads\/2021\/06\/Pamesa-Grupo-Empresarial-Inversiones.mp4\"><\/video><\/figure>\n\n\n\n<p><\/p>\n\n\n\n<h2 class=\"has-text-align-center wp-block-heading\">R\u00e9sum\u00e9&nbsp;2020<\/h2>\n\n\n\n<figure class=\"wp-block-video\"><video height=\"1080\" style=\"aspect-ratio: 1920 \/ 1080;\" width=\"1920\" controls src=\"https:\/\/tauceramica.com\/wp-content\/uploads\/2021\/06\/Pamesa-Grupo-Empresarial-Resumen-2020.mp4\"><\/video><\/figure>\n\n\n\n<p><\/p>\n\n\n\n<hr class=\"wp-block-separator\"\/>\n\n\n\n<p><\/p>\n\n\n\n<div class=\"wp-block-group\"><div class=\"wp-block-group__inner-container\">\n<div class=\"wp-block-file aligncenter\"><a href=\"https:\/\/tauceramica.com\/wp-content\/uploads\/2021\/06\/RESULTADOS_-pamesa_grupo_empresarial-3.pdf\">PR\u00c9SENTATION DE LA CONF\u00c9RENCE DE PRESSE<\/a><a href=\"https:\/\/tauceramica.com\/wp-content\/uploads\/2021\/06\/RESULTADOS_-pamesa_grupo_empresarial-3.pdf\" class=\"wp-block-file__button\" download>T\u00e9l\u00e9chargement<\/a><\/div>\n<\/div><\/div>\n\n\n\n<div class=\"wp-block-buttons\"><\/div>\n\n\n\n<h2 class=\"has-text-align-center wp-block-heading\">Au cours de l\u2019ann\u00e9e&nbsp;2020, le Groupe Pamesa a augment\u00e9 ses ventes dans le secteur de la c\u00e9ramique de 20&nbsp;%, a r\u00e9alis\u00e9 des investissements pour un montant de 91&nbsp;millions d\u2019euros et a augment\u00e9 son personnel de 24&nbsp;%.<\/h2>\n\n\n\n<p>\u25aa <strong> Groupe Pamesa a ferm\u00e9 l\u2019exercice&nbsp;2020 avec un chiffre d\u2019affaires de 782&nbsp;millions&nbsp;; les ventes dans le secteur de la c\u00e9ramique ont augment\u00e9 de 20&nbsp;% <\/strong>\u25aa <strong>Actuellement, le Groupe Pamesa compte 2&nbsp;680&nbsp;employ\u00e9s. 527 employ\u00e9s de plus qu\u2019au mois de f\u00e9vrier&nbsp;2020, soit une augmentation de 24&nbsp;%. <\/strong>\u25aa <strong>Pamesa a allou\u00e9 1&nbsp;400&nbsp;000&nbsp;\u20ac \u00e0 des mesures COVID destin\u00e9es \u00e0 ses employ\u00e9s. Almassora, le 2&nbsp;juin&nbsp;2021<\/strong><\/p>\n\n\n\n<p><strong> <em>\u00c9volution des ventes en 2020<\/em><\/strong>Malgr\u00e9 la baisse des ventes aux mois d\u2019avril et de mai&nbsp;2020 en raison de l\u2019\u00e9tat d\u2019alerte d\u00fb \u00e0 la COVID-19, le Groupe entrepreneurial Pamesa, qui se consacre \u00e0 la production et \u00e0 la vente de mat\u00e9riaux c\u00e9ramiques, de terres atomis\u00e9es, de produits chimiques et \u00e0 la commercialisation d\u2019\u00e9nergies, a atteint, en 2020, un chiffre d\u2019affaires consolid\u00e9 de 782&nbsp;millions d\u2019euros. Ce chiffre d\u2019affaires repr\u00e9sente une croissance de 11&nbsp;% par rapport aux 704&nbsp;millions d\u2019euros de l\u2019ann\u00e9e&nbsp;2019&nbsp;; les ventes de produits c\u00e9ramiques ont connu une augmentation de 20&nbsp;% par rapport \u00e0 la m\u00eame p\u00e9riode de l\u2019exercice&nbsp;2019. Actuellement, toutes les marques du groupe connaissent une \u00e9volution tr\u00e8s positive, par rapport \u00e0 2020, et on constate une variation favorable de 63&nbsp;% des ventes de c\u00e9ramique. Sachant que le mois d\u2019avril fut le mois au cours duquel le confinement total de la population a \u00e9t\u00e9 instaur\u00e9, le taux de croissance ne se maintiendra pas tout au long de l\u2019ann\u00e9e, mais il devrait toutefois \u00eatre tr\u00e8s important. <\/p>\n\n\n\n<p>Le chiffre d\u2019affaires escompt\u00e9 pour la fin&nbsp;2021 est de 900&nbsp;millions d\u2019euros, soit 45&nbsp;% de plus, et de plus de 130&nbsp;millions de ventes de m\u00e8tres carr\u00e9s. Le Groupe Pamesa s\u2019acquitte de ses obligations d\u2019imp\u00f4ts, qui s\u2019\u00e9l\u00e8vent \u00e0 56&nbsp;millions d\u2019euros et comprennent, entre autres&nbsp;: l\u2019imp\u00f4t sur les soci\u00e9t\u00e9s, l\u2019imp\u00f4t sur les activit\u00e9s gazi\u00e8res et \u00e9lectriques ainsi que la s\u00e9curit\u00e9 sociale des employ\u00e9s. Sa contribution au taux d\u2019imposition effectif des soci\u00e9t\u00e9s est de 24&nbsp;% et les b\u00e9n\u00e9fices avant imp\u00f4ts s\u2019\u00e9l\u00e8vent \u00e0 66&nbsp;millions, soit 56&nbsp;% de plus qu\u2019en 2019. En outre, le Groupe souligne \u00ab&nbsp;<em> notre contribution \u00e0 la soci\u00e9t\u00e9 est tr\u00e8s importante&nbsp;; la contribution conjointe en termes d\u2019imp\u00f4ts du Groupe Pamesa et de ses employ\u00e9s s\u2019\u00e9l\u00e8ve \u00e0 plus de 81&nbsp;millions, soit plus de 10&nbsp;% de notre chiffre d\u2019affaires total&nbsp;\u00bb.<\/em>Enfin, Fernando&nbsp;Roig signale que \u00ab&nbsp;<em>ce n\u2019est pas en augmentant les imp\u00f4ts que l\u2019on recouvre plus, mais en augmentant l\u2019activit\u00e9 \u00e9conomique&nbsp;\u00bb. <\/em><\/p>\n\n\n\n<p><strong><em>Investissements <\/em><\/strong>Le volume d\u2019investissement du Groupe en immobilisations corporelles au cours de l\u2019exercice&nbsp;2020 s\u2019\u00e9l\u00e8ve \u00e0 91&nbsp;millions d\u2019euros, les investissements les plus notables \u00e9tant l\u2019acquisition de diff\u00e9rents terrains dans les municipalit\u00e9s de Vila-Real et d\u2019Onda en vue d\u2019investissements futurs et pour de nouvelles lignes de production, ainsi que pour les nouveaux bureaux et la nouvelle showroom de Geotiles. Mais aussi la modernisation de l\u2019usine de Cottocer, qui a \u00e9t\u00e9 enti\u00e8rement modifi\u00e9e pour installer de nouvelles machines. De m\u00eame, deux nouveaux fours viennent d\u2019\u00eatre mis en service dans l\u2019usine de Compacglass, \u00e9galement situ\u00e9e \u00e0 Onda. \/13 D\u2019ici 2021, le Groupe Pamesa pr\u00e9voit d\u2019investir 70&nbsp;millions, qui seront destin\u00e9s \u00e0 des projets au sein de ses principales municipalit\u00e9s d\u2019action&nbsp;: Almassora, Vila-Real, Onda et Castell\u00f3. Parmi les travaux, on peut citer&nbsp;: \u2013 Le nouveau si\u00e8ge de Pamesa&nbsp;Cer\u00e1mica et un grand espace d\u2019exposition de 3&nbsp;000&nbsp;m2. Ce projet, d\u2019une superficie totale de 6&nbsp;387&nbsp;m2, devrait \u00eatre termin\u00e9 d\u2019ici la fin de 2021. \u2013&nbsp;Un nouveau centre logistique d\u2019une superficie totale de 140&nbsp;000&nbsp;m2. \u2013 Un nouvel entrep\u00f4t de 52&nbsp;000&nbsp;m2 pour les argiles, \u00e0 c\u00f4t\u00e9 de l\u2019usine de TAU. \u2013 Une usine de plus de 7&nbsp;000&nbsp;m2 dot\u00e9e de machines de pointe de polissage, de coupe et de rectification pour c\u00e9ramiques, situ\u00e9e \u00e0 Onda. Il s\u2019agit de PLP (Pulidos&nbsp;La&nbsp;Plana), dont l\u2019acquisition permettra au conglom\u00e9rat de c\u00e9ramique d\u2019accro\u00eetre sa capacit\u00e9 de polissage de 360&nbsp;000&nbsp;m2 par mois, ce qui repr\u00e9sente une augmentation de 27&nbsp;% dans le segment de produits polis. \u2013 Enfin, \u00e0 travers ses propres entreprises et ses partenaires, Pamesa entend augmenter sa capacit\u00e9 de production de 40&nbsp;% gr\u00e2ce \u00e0 l\u2019installation de nouveaux fours entre 2021 et 2022, qui permettront d\u2019accro\u00eetre les ventes et d\u2019augmenter la capacit\u00e9 d\u2019approvisionnement actuelle de ses clients. Il convient de souligner que tous les investissements seront r\u00e9alis\u00e9s sur fonds propres, le Groupe n\u2019ayant pas l\u2019intention de faire appel aux fonds du Plan de relance \u00e9conomique europ\u00e9en.<\/p>\n\n\n\n<p><strong><em>Employ\u00e9s et contexte Covid<\/em><\/strong>Pour faire face \u00e0 la situation due \u00e0 l\u2019\u00e9tat d\u2019alerte d\u00e9cr\u00e9t\u00e9 le 14&nbsp;mars&nbsp;2020, le Groupe Pamesa a adapt\u00e9 ses installations afin de prot\u00e9ger la sant\u00e9 et la s\u00e9curit\u00e9 de ses employ\u00e9s. Avec un co\u00fbt de 1&nbsp;400&nbsp;000&nbsp;\u20ac, Pamesa a r\u00e9alis\u00e9 p\u00e9riodiquement, depuis 2020 et jusqu\u2019\u00e0 aujourd\u2019hui, un total de 21&nbsp;600&nbsp;tests antig\u00e9niques et PCR, afin de contr\u00f4ler l\u2019\u00e9tat de sant\u00e9 de ses employ\u00e9s. Par ailleurs, toutes les installations des diff\u00e9rentes marques et usines ont \u00e9t\u00e9 dot\u00e9es de points de d\u00e9sinfection, de masques, de thermom\u00e8tres infrarouges, d\u2019\u00e9crans de m\u00e9thacrylate et de dispositifs de st\u00e9rilisation rapide d\u2019objets personnels. Les efforts d\u2019investissement r\u00e9alis\u00e9s par le Groupe Pamesa ont permis non seulement de g\u00e9n\u00e9rer de la richesse et de l\u2019activit\u00e9, mais aussi de cr\u00e9er 527&nbsp;nouveaux emplois, stables et de qualit\u00e9. Il convient de souligner que ces 527&nbsp;emplois ont \u00e9t\u00e9 cr\u00e9\u00e9s pendant les mois de la pand\u00e9mie. Le Groupe Pamesa emploie actuellement 2&nbsp;680&nbsp;personnes, soit 24&nbsp;% de plus qu\u2019au mois de f\u00e9vrier&nbsp;2020. Il est important de mentionner que 80&nbsp;% des salari\u00e9s du Groupe sont permanents et que 20&nbsp;% sont temporaires, mais que ces derniers int\u00e9greront l\u2019effectif permanent d\u00e8s qu\u2019ils auront termin\u00e9 leur premi\u00e8re ann\u00e9e d\u2019anciennet\u00e9. Le Groupe dispose d\u2019une politique incitative visant \u00e0 r\u00e9compenser les objectifs de croissance et de qualit\u00e9 fix\u00e9s par l\u2019entreprise qui viennent s\u2019ajouter au salaire apr\u00e8s 6&nbsp;mois d\u2019anciennet\u00e9. Au cours de 2020, Pamesa a r\u00e9parti un montant total de 6&nbsp;500&nbsp;000&nbsp;euros \u00e0 titre d\u2019incitations parmi ses employ\u00e9s. Par ailleurs, au cours de ces derniers mois, Pamesa a \u00e9prouv\u00e9 de grandes difficult\u00e9s, mais n\u2019a recouru \u00e0 aucune r\u00e9gulation d\u2019emploi (ERE abr\u00e9viation en espagnol) ni r\u00e9gulation temporaire d\u2019emploi (ERTE abr\u00e9viation en espagnol), et ne pr\u00e9voit pas d\u2019y recourir dans un avenir proche. Les efforts du Groupe visent essentiellement \u00e0 poursuivre sa croissance et \u00e0 r\u00e9pondre aux besoins de ses clients.<\/p>\n\n\n\n<p><strong><em>Engagement envers la soci\u00e9t\u00e9 <\/em><\/strong>En outre, le Groupe Pamesa a une strat\u00e9gie de responsabilit\u00e9 soci\u00e9tale d\u2019entreprise (RSE) qui comprend des politiques de gestion environnementale, d\u2019\u00e9galit\u00e9 et d\u2019int\u00e9gration des personnes atteintes de d\u00e9ficiences intellectuelles. Pour la r\u00e9alisation des diff\u00e9rents projets, Pamesa&nbsp;Cer\u00e1mica fournit aux organismes sociaux des morceaux de c\u00e9ramique pour fabriquer ces panneaux d\u00e9coratifs au moyen de la technique<em>trencad\u00eds<\/em>. Gr\u00e2ce \u00e0 ce projet, ces personnes ont la possibilit\u00e9 de se former, de travailler et de d\u00e9velopper leurs capacit\u00e9s d\u2019effort, de concentration et de travail d\u2019\u00e9quipe. Un travail cr\u00e9atif et d\u2019une grande habilet\u00e9 qui s\u2019int\u00e8gre, en tant qu\u2019initiative sociale et durable, dans l\u2019ensemble du processus de transformation du \u00ab&nbsp;Nouveau mod\u00e8le de magasin \/23&nbsp;durable&nbsp;\u00bb de Mercadona. Les nouveaux panneaux muraux <em>trencad\u00eds <\/em> ont d\u00e9sormais un design plus large et sont en phase avec la nouvelle image des magasins. La mairie de La&nbsp;Todolella et le Groupe Pamesa se sont joints \u00e0 une initiative publique-priv\u00e9e visant \u00e0 promouvoir El Pitalaero, SL, un projet d\u2019entreprise qui a permis de cr\u00e9er 30&nbsp;emplois permanents et stables dans la ville dans le cadre de la lutte contre le d\u00e9peuplement rural. Aujourd\u2019hui, plus de 500&nbsp;personnes travaillent au montage, \u00e0 l\u2019emballage et au collage de gr\u00e8s c\u00e9rame dans plus de 37&nbsp;centres professionnels de la Communaut\u00e9 de Valence. Il est pr\u00e9vu d\u2019ouvrir d\u2019autres centres dans les zones pr\u00e9sentant un risque de d\u00e9peuplement. Concernant les \u00e9nergies renouvelables, le Groupe a entrepris d\u2019importants travaux au sein de ses usines afin que la principale source d\u2019\u00e9nergie de son processus de production soit l\u2019\u00e9nergie solaire photovolta\u00efque. Avec une puissance install\u00e9e totale de 17,80&nbsp;MW et la mise en place de 95&nbsp;555&nbsp;m2 au total de panneaux solaires, ce qui \u00e9quivaudrait \u00e0 l\u2019approvisionnement en \u00e9lectricit\u00e9 de 4&nbsp;000&nbsp;habitations. En outre, l\u2019entreprise \u00e9vite d\u2019\u00e9mettre, chaque ann\u00e9e, 8&nbsp;816&nbsp;tonnes de dioxyde de carbone (CO2) dans l\u2019atmosph\u00e8re, ce qui en fait le leader du secteur \u00e0 l\u2019\u00e9chelle mondiale. Cette importante capacit\u00e9 de production d\u2019\u00e9nergie renouvelable permet au Groupe Pamesa de fabriquer des produits c\u00e9ramiques ayant une faible empreinte de carbone. Le Groupe Pamesa maintient sa politique de d\u00e9chets z\u00e9ro, dans le cadre de laquelle les principaux domaines d\u2019action sont le recyclage des zones de d\u00e9chets du Groupe et des autres entreprises du secteur, le recyclage de 100&nbsp;% des r\u00e9sidus solides et liquides, et la r\u00e9cup\u00e9ration de la chaleur de la zone des fours des usines.<\/p>\n\n\n\n<p>En conclusion, le Groupe Pamesa a r\u00e9sist\u00e9 gr\u00e2ce \u00e0 sa r\u00e8gle des trois \u00ab&nbsp;T&nbsp;\u00bb&nbsp;:<em>travail, travail et travail<\/em>Les bons chiffres de Pamesa sont \u00e9galement le r\u00e9sultat de son pari en faveur de l\u2019innovation et de l\u2019investissement. Le Groupe est class\u00e9 septi\u00e8me producteur mondial selon le <em>Ceramic World Review<\/em> et premier en Europe. C\u2019est pourquoi le Groupe Pamesa entend continuer \u00e0 cr\u00e9er des emplois et \u00e0 r\u00e9aliser des investissements qui lui permettront de poursuivre sa croissance dans les ann\u00e9es \u00e0 venir.<\/p>\n\n\n\n<p><\/p>\n\n\n\n<figure class=\"wp-block-gallery columns-3 is-cropped wp-block-gallery-1\"><ul class=\"blocks-gallery-grid\"><li class=\"blocks-gallery-item\"><figure><img fetchpriority=\"high\" decoding=\"async\" width=\"1024\" height=\"683\" src=\"https:\/\/tauceramica.com\/wp-content\/uploads\/2021\/06\/1622632240554-1024x683.jpg\" alt=\"\" data-id=\"325484\" data-full-url=\"https:\/\/tauceramica.com\/wp-content\/uploads\/2021\/06\/1622632240554.jpg\" data-link=\"https:\/\/tauceramica.com\/resumen-rueda-de-prensa-pamesa-grupo\/attachment\/1622632240554\/\" class=\"wp-image-325484\" srcset=\"https:\/\/www.tauceramica.com\/wp-content\/uploads\/2021\/06\/1622632240554-1024x683.jpg 1024w, https:\/\/www.tauceramica.com\/wp-content\/uploads\/2021\/06\/1622632240554-300x200.jpg 300w, https:\/\/www.tauceramica.com\/wp-content\/uploads\/2021\/06\/1622632240554-768x512.jpg 768w, https:\/\/www.tauceramica.com\/wp-content\/uploads\/2021\/06\/1622632240554-1536x1025.jpg 1536w, https:\/\/www.tauceramica.com\/wp-content\/uploads\/2021\/06\/1622632240554-1200x800.jpg 1200w, https:\/\/www.tauceramica.com\/wp-content\/uploads\/2021\/06\/1622632240554-1980x1321.jpg 1980w, https:\/\/www.tauceramica.com\/wp-content\/uploads\/2021\/06\/1622632240554.jpg 2048w\" sizes=\"(max-width: 1024px) 100vw, 1024px\" \/><\/figure><\/li><li class=\"blocks-gallery-item\"><figure><img decoding=\"async\" width=\"1024\" height=\"683\" src=\"https:\/\/tauceramica.com\/wp-content\/uploads\/2021\/06\/1622632240677-1-1024x683.jpg\" alt=\"\" data-id=\"325487\" data-full-url=\"https:\/\/tauceramica.com\/wp-content\/uploads\/2021\/06\/1622632240677-1.jpg\" data-link=\"https:\/\/tauceramica.com\/resumen-rueda-de-prensa-pamesa-grupo\/1622632240677-1\/\" class=\"wp-image-325487\" srcset=\"https:\/\/www.tauceramica.com\/wp-content\/uploads\/2021\/06\/1622632240677-1-1024x683.jpg 1024w, https:\/\/www.tauceramica.com\/wp-content\/uploads\/2021\/06\/1622632240677-1-300x200.jpg 300w, https:\/\/www.tauceramica.com\/wp-content\/uploads\/2021\/06\/1622632240677-1-768x512.jpg 768w, https:\/\/www.tauceramica.com\/wp-content\/uploads\/2021\/06\/1622632240677-1-1536x1025.jpg 1536w, https:\/\/www.tauceramica.com\/wp-content\/uploads\/2021\/06\/1622632240677-1-1200x800.jpg 1200w, https:\/\/www.tauceramica.com\/wp-content\/uploads\/2021\/06\/1622632240677-1-1980x1321.jpg 1980w, https:\/\/www.tauceramica.com\/wp-content\/uploads\/2021\/06\/1622632240677-1.jpg 2048w\" sizes=\"(max-width: 1024px) 100vw, 1024px\" \/><\/figure><\/li><li class=\"blocks-gallery-item\"><figure><img decoding=\"async\" width=\"1024\" height=\"683\" src=\"https:\/\/tauceramica.com\/wp-content\/uploads\/2021\/06\/1622632240905-1024x683.jpg\" alt=\"\" data-id=\"325490\" data-full-url=\"https:\/\/tauceramica.com\/wp-content\/uploads\/2021\/06\/1622632240905.jpg\" data-link=\"https:\/\/tauceramica.com\/resumen-rueda-de-prensa-pamesa-grupo\/attachment\/1622632240905\/\" class=\"wp-image-325490\" srcset=\"https:\/\/www.tauceramica.com\/wp-content\/uploads\/2021\/06\/1622632240905-1024x683.jpg 1024w, https:\/\/www.tauceramica.com\/wp-content\/uploads\/2021\/06\/1622632240905-300x200.jpg 300w, https:\/\/www.tauceramica.com\/wp-content\/uploads\/2021\/06\/1622632240905-768x512.jpg 768w, https:\/\/www.tauceramica.com\/wp-content\/uploads\/2021\/06\/1622632240905-1536x1025.jpg 1536w, https:\/\/www.tauceramica.com\/wp-content\/uploads\/2021\/06\/1622632240905-1200x800.jpg 1200w, https:\/\/www.tauceramica.com\/wp-content\/uploads\/2021\/06\/1622632240905-1980x1321.jpg 1980w, https:\/\/www.tauceramica.com\/wp-content\/uploads\/2021\/06\/1622632240905.jpg 2048w\" sizes=\"(max-width: 1024px) 100vw, 1024px\" \/><\/figure><\/li><li class=\"blocks-gallery-item\"><figure><img loading=\"lazy\" decoding=\"async\" width=\"1024\" height=\"683\" src=\"https:\/\/tauceramica.com\/wp-content\/uploads\/2021\/06\/1622632241777-1024x683.jpg\" alt=\"\" data-id=\"325493\" data-full-url=\"https:\/\/tauceramica.com\/wp-content\/uploads\/2021\/06\/1622632241777.jpg\" data-link=\"https:\/\/tauceramica.com\/resumen-rueda-de-prensa-pamesa-grupo\/attachment\/1622632241777\/\" class=\"wp-image-325493\" srcset=\"https:\/\/www.tauceramica.com\/wp-content\/uploads\/2021\/06\/1622632241777-1024x683.jpg 1024w, https:\/\/www.tauceramica.com\/wp-content\/uploads\/2021\/06\/1622632241777-300x200.jpg 300w, https:\/\/www.tauceramica.com\/wp-content\/uploads\/2021\/06\/1622632241777-768x512.jpg 768w, https:\/\/www.tauceramica.com\/wp-content\/uploads\/2021\/06\/1622632241777-1536x1025.jpg 1536w, https:\/\/www.tauceramica.com\/wp-content\/uploads\/2021\/06\/1622632241777-1200x800.jpg 1200w, https:\/\/www.tauceramica.com\/wp-content\/uploads\/2021\/06\/1622632241777-1980x1321.jpg 1980w, https:\/\/www.tauceramica.com\/wp-content\/uploads\/2021\/06\/1622632241777.jpg 2048w\" sizes=\"(max-width: 1024px) 100vw, 1024px\" \/><\/figure><\/li><li class=\"blocks-gallery-item\"><figure><img loading=\"lazy\" decoding=\"async\" width=\"1024\" height=\"683\" src=\"https:\/\/tauceramica.com\/wp-content\/uploads\/2021\/06\/1622632241807-1024x683.jpg\" alt=\"\" data-id=\"325496\" data-full-url=\"https:\/\/tauceramica.com\/wp-content\/uploads\/2021\/06\/1622632241807.jpg\" data-link=\"https:\/\/tauceramica.com\/resumen-rueda-de-prensa-pamesa-grupo\/attachment\/1622632241807\/\" class=\"wp-image-325496\" srcset=\"https:\/\/www.tauceramica.com\/wp-content\/uploads\/2021\/06\/1622632241807-1024x683.jpg 1024w, https:\/\/www.tauceramica.com\/wp-content\/uploads\/2021\/06\/1622632241807-300x200.jpg 300w, https:\/\/www.tauceramica.com\/wp-content\/uploads\/2021\/06\/1622632241807-768x512.jpg 768w, https:\/\/www.tauceramica.com\/wp-content\/uploads\/2021\/06\/1622632241807-1536x1025.jpg 1536w, https:\/\/www.tauceramica.com\/wp-content\/uploads\/2021\/06\/1622632241807-1200x800.jpg 1200w, https:\/\/www.tauceramica.com\/wp-content\/uploads\/2021\/06\/1622632241807-1980x1321.jpg 1980w, https:\/\/www.tauceramica.com\/wp-content\/uploads\/2021\/06\/1622632241807.jpg 2048w\" sizes=\"(max-width: 1024px) 100vw, 1024px\" \/><\/figure><\/li><\/ul><\/figure>\n","protected":false},"excerpt":{"rendered":"<p>Pr\u00e9sentation du Groupe entrepreneurial Pamesa Employ\u00e9s et contexte Covid Responsabilit\u00e9 soci\u00e9tale de l\u2019entreprise Investissements du Groupe Pamesa R\u00e9sum\u00e9&nbsp;2020 Au cours [&hellip;]<\/p>\n","protected":false},"author":2,"featured_media":325477,"comment_status":"open","ping_status":"open","sticky":false,"template":"","format":"standard","meta":{"_acf_changed":false,"footnotes":""},"categories":[85903],"tags":[],"profiles":[37559,37561,37560],"class_list":["post-332921","post","type-post","status-publish","format-standard","has-post-thumbnail","hentry","category-corporatif","profiles-distributeur","profiles-particulier","profiles-professionnels"],"acf":[],"_links":{"self":[{"href":"https:\/\/www.tauceramica.com\/fr\/wp-json\/wp\/v2\/posts\/332921","targetHints":{"allow":["GET"]}}],"collection":[{"href":"https:\/\/www.tauceramica.com\/fr\/wp-json\/wp\/v2\/posts"}],"about":[{"href":"https:\/\/www.tauceramica.com\/fr\/wp-json\/wp\/v2\/types\/post"}],"author":[{"embeddable":true,"href":"https:\/\/www.tauceramica.com\/fr\/wp-json\/wp\/v2\/users\/2"}],"replies":[{"embeddable":true,"href":"https:\/\/www.tauceramica.com\/fr\/wp-json\/wp\/v2\/comments?post=332921"}],"version-history":[{"count":3,"href":"https:\/\/www.tauceramica.com\/fr\/wp-json\/wp\/v2\/posts\/332921\/revisions"}],"predecessor-version":[{"id":332944,"href":"https:\/\/www.tauceramica.com\/fr\/wp-json\/wp\/v2\/posts\/332921\/revisions\/332944"}],"wp:featuredmedia":[{"embeddable":true,"href":"https:\/\/www.tauceramica.com\/fr\/wp-json\/wp\/v2\/media\/325477"}],"wp:attachment":[{"href":"https:\/\/www.tauceramica.com\/fr\/wp-json\/wp\/v2\/media?parent=332921"}],"wp:term":[{"taxonomy":"category","embeddable":true,"href":"https:\/\/www.tauceramica.com\/fr\/wp-json\/wp\/v2\/categories?post=332921"},{"taxonomy":"post_tag","embeddable":true,"href":"https:\/\/www.tauceramica.com\/fr\/wp-json\/wp\/v2\/tags?post=332921"},{"taxonomy":"profiles","embeddable":true,"href":"https:\/\/www.tauceramica.com\/fr\/wp-json\/wp\/v2\/profiles?post=332921"}],"curies":[{"name":"wp","href":"https:\/\/api.w.org\/{rel}","templated":true}]}}