{"id":482488,"date":"2023-01-16T12:17:06","date_gmt":"2023-01-16T11:17:06","guid":{"rendered":"https:\/\/tauceramica.com\/?p=482488"},"modified":"2024-11-19T09:23:12","modified_gmt":"2024-11-19T08:23:12","slug":"collectiontornares","status":"publish","type":"post","link":"https:\/\/www.tauceramica.com\/fr\/collectiontornares\/","title":{"rendered":"TAU et ERRE \u00e9largissent la collection TORNARES"},"content":{"rendered":"\n<p>TAU Cer\u00e1mica, en collaboration avec <a href=\"https:\/\/errearquitectura.com\/es\/product\/tornares\/\" target=\"_blank\" rel=\"noreferrer noopener\">ERRE Arquitectura<\/a>, \u00e9largit sa collection <a href=\"https:\/\/tauceramica.com\/tornares\/\" target=\"_blank\" rel=\"noreferrer noopener\">TORNARES<\/a>. La deuxi\u00e8me \u00e9dition de cette collaboration r\u00e9ussie entre les deux marques leaders du secteur, vise \u00e0 poursuivre le retour aux sources. Origines dont \u00e9manent les cinq nouveaux mod\u00e8les.<\/p>\n\n\n\n<p>Pr\u00eat \u00e0 accompagner Duero, Ordesa, Zumaia, Hiru et Gredos sur un chemin inspir\u00e9 par la nature qui nous entoure.<\/p>\n\n\n\n<p>Le jeu de textures, de couleurs et de g\u00e9om\u00e9tries pr\u00e9sent dans la s\u00e9rie offre un univers de possibilit\u00e9s. Des combinaisons qui permettent de concevoir des espaces \u00e9l\u00e9gants et \u00e9vocateurs.<\/p>\n\n\n\n<figure class=\"wp-block-image size-large\"><img fetchpriority=\"high\" decoding=\"async\" width=\"1024\" height=\"576\" src=\"https:\/\/tauceramica.com\/wp-content\/uploads\/2023\/01\/shutterstock_747370657-1024x576.jpg\" alt=\"\" class=\"wp-image-482474\" srcset=\"https:\/\/www.tauceramica.com\/wp-content\/uploads\/2023\/01\/shutterstock_747370657-1024x576.jpg 1024w, https:\/\/www.tauceramica.com\/wp-content\/uploads\/2023\/01\/shutterstock_747370657-300x169.jpg 300w, https:\/\/www.tauceramica.com\/wp-content\/uploads\/2023\/01\/shutterstock_747370657-768x432.jpg 768w, https:\/\/www.tauceramica.com\/wp-content\/uploads\/2023\/01\/shutterstock_747370657-1536x864.jpg 1536w, https:\/\/www.tauceramica.com\/wp-content\/uploads\/2023\/01\/shutterstock_747370657-1200x675.jpg 1200w\" sizes=\"(max-width: 1024px) 100vw, 1024px\" \/><\/figure>\n\n\n\n<p>Les nouveaux mod\u00e8les compl\u00e8tent la collection con\u00e7ue par et pour les architectes. Une s\u00e9rie dans laquelle les dunes, la lavande, les vagues et les pierres volcaniques sont les axes centraux qui inspirent et accompagnent l&rsquo;ensemble de la s\u00e9rie.<\/p>\n\n\n\n<p>L&rsquo;extension de la collaboration entre ERRE et TAU sera pr\u00e9sent\u00e9e lors de la deuxi\u00e8me \u00e9dition de la <a href=\"https:\/\/tauceramica.com\/tau-ceramicaexperience-junio-2022\/\" target=\"_blank\" rel=\"noreferrer noopener\">Cer\u00e1mica Experience<\/a> (20 f\u00e9vrier &#8211; 3 mars).<\/p>\n\n\n\n<p>N&rsquo;oubliez pas de nous suivre sur nos<a href=\"https:\/\/www.instagram.com\/tauceramica_official\/\" target=\"_blank\" rel=\"noreferrer noopener\"> m\u00e9dias sociaux<\/a> o\u00f9 nous d\u00e9couvrirons chacun des mod\u00e8les au cours des prochains jours.<\/p>\n","protected":false},"excerpt":{"rendered":"<p>TAU Cer\u00e1mica, en collaboration avec ERRE Arquitectura, \u00e9largit sa collection TORNARES. La deuxi\u00e8me \u00e9dition de cette collaboration r\u00e9ussie entre les [&hellip;]<\/p>\n","protected":false},"author":2,"featured_media":482482,"comment_status":"open","ping_status":"open","sticky":false,"template":"","format":"standard","meta":{"_acf_changed":false,"footnotes":""},"categories":[85903],"tags":[],"profiles":[],"class_list":["post-482488","post","type-post","status-publish","format-standard","has-post-thumbnail","hentry","category-corporatif"],"acf":[],"_links":{"self":[{"href":"https:\/\/www.tauceramica.com\/fr\/wp-json\/wp\/v2\/posts\/482488","targetHints":{"allow":["GET"]}}],"collection":[{"href":"https:\/\/www.tauceramica.com\/fr\/wp-json\/wp\/v2\/posts"}],"about":[{"href":"https:\/\/www.tauceramica.com\/fr\/wp-json\/wp\/v2\/types\/post"}],"author":[{"embeddable":true,"href":"https:\/\/www.tauceramica.com\/fr\/wp-json\/wp\/v2\/users\/2"}],"replies":[{"embeddable":true,"href":"https:\/\/www.tauceramica.com\/fr\/wp-json\/wp\/v2\/comments?post=482488"}],"version-history":[{"count":1,"href":"https:\/\/www.tauceramica.com\/fr\/wp-json\/wp\/v2\/posts\/482488\/revisions"}],"predecessor-version":[{"id":482489,"href":"https:\/\/www.tauceramica.com\/fr\/wp-json\/wp\/v2\/posts\/482488\/revisions\/482489"}],"wp:featuredmedia":[{"embeddable":true,"href":"https:\/\/www.tauceramica.com\/fr\/wp-json\/wp\/v2\/media\/482482"}],"wp:attachment":[{"href":"https:\/\/www.tauceramica.com\/fr\/wp-json\/wp\/v2\/media?parent=482488"}],"wp:term":[{"taxonomy":"category","embeddable":true,"href":"https:\/\/www.tauceramica.com\/fr\/wp-json\/wp\/v2\/categories?post=482488"},{"taxonomy":"post_tag","embeddable":true,"href":"https:\/\/www.tauceramica.com\/fr\/wp-json\/wp\/v2\/tags?post=482488"},{"taxonomy":"profiles","embeddable":true,"href":"https:\/\/www.tauceramica.com\/fr\/wp-json\/wp\/v2\/profiles?post=482488"}],"curies":[{"name":"wp","href":"https:\/\/api.w.org\/{rel}","templated":true}]}}