{"id":651268,"date":"2024-11-18T10:54:57","date_gmt":"2024-11-18T09:54:57","guid":{"rendered":"https:\/\/tauceramica.com\/?p=651268"},"modified":"2024-11-15T13:55:55","modified_gmt":"2024-11-15T12:55:55","slug":"tau-soutient-leducation-du-futur-innovation-digitale-a-lies-cotes-baixes","status":"publish","type":"post","link":"https:\/\/www.tauceramica.com\/fr\/tau-soutient-leducation-du-futur-innovation-digitale-a-lies-cotes-baixes\/","title":{"rendered":"TAU soutient l\u2019\u00e9ducation du futur : Innovation digitale \u00e0 l\u2019IES Cotes Baixes"},"content":{"rendered":"<p>Chez TAU, nous sommes fiers d\u2019annoncer notre collaboration avec le projet d\u2019innovation \u00e9ducative men\u00e9 par l\u2019<strong>IES Cotes Baixes<\/strong> d\u2019Alcoy. Cet institut a fait un pas en avant dans l\u2019\u00e9ducation technique, se positionnant comme une r\u00e9f\u00e9rence en mati\u00e8re de transformation digitale et de formation innovante. Nous avons rejoint ce projet car il est en ad\u00e9quation avec nos valeurs et souligne l&rsquo;importance que nous accordons \u00e0 la digitalisation dans tous les secteurs, y compris l\u2019\u00e9ducation et l&rsquo;industrie.<\/p>\n<p>Le directeur de l\u2019IES Cotes Baixes, Fernando Sansaloni, a expliqu\u00e9 comment, depuis pr\u00e8s d\u2019une d\u00e9cennie, ils ont transform\u00e9 l\u2019\u00e9tablissement pour s\u2019adapter aux nouvelles technologies et m\u00e9thodologies. Aujourd&rsquo;hui, ils visent \u00e0 franchir une \u00e9tape suppl\u00e9mentaire en int\u00e9grant la technologie avec une approche humaine, afin d&rsquo;apporter de la valeur tant aux \u00e9l\u00e8ves qu&rsquo;aux enseignants. Leur objectif est de cr\u00e9er un espace \u00e9ducatif o\u00f9 l\u2019intelligence artificielle, le Big Data et le design de pointe favorisent l&rsquo;innovation et l&rsquo;apprentissage dans un environnement enti\u00e8rement fonctionnel.<\/p>\n<h3>Notre engagement envers l&rsquo;innovation et la transformation digitale<\/h3>\n<p>Pour TAU, ce projet repr\u00e9sente un engagement commun envers la transformation et l\u2019innovation. En tant que fabricants de c\u00e9ramique, nous comprenons l&rsquo;importance de l\u2019adaptation technologique dans l\u2019industrie et comment cette adaptation peut am\u00e9liorer les processus et les r\u00e9sultats. Nous soutenons ce projet ambitieux car, comme l\u2019IES Cotes Baixes, nous croyons que l&rsquo;innovation digitale doit aller de pair avec la croissance humaine et professionnelle.<\/p>\n<p>Nous sommes pleinement investis dans le projet, en apportant nos pi\u00e8ces en c\u00e9ramique pour donner une nouvelle aura et un style unique aux espaces de l\u2019IES Cotes Baixes, assurant ainsi une transformation visuelle et fonctionnelle compl\u00e8te. L\u2019un des mod\u00e8les d\u00e9j\u00e0 choisis par l\u2019\u00e9tablissement est le <strong><a href=\"https:\/\/www.tauceramica.com\/fr\/series\/tornares-teide\/\" target=\"_blank\" rel=\"noopener\">Teide<\/a> Greige en format 120&#215;120<\/strong>, une pi\u00e8ce qui ajoutera une touche moderne et \u00e9l\u00e9gante aux espaces d\u2019apprentissage, cr\u00e9ant un environnement esth\u00e9tique et stimulant qui compl\u00e8te la vision innovante du projet.<\/p>\n<p>De plus, nous continuons \u00e0 \u00e9largir notre gamme de produits et \u00e0 d\u00e9velopper de nouvelles id\u00e9es qui enrichiront ce projet, renfor\u00e7ant son impact et assurant son succ\u00e8s \u00e0 long terme.<\/p>\n<h3><span style=\"color: #000000;\">Nous nous engageons dans le changement pour b\u00e2tir ensemble un avenir o\u00f9 la c\u00e9ramique et la technologie cr\u00e9ent des exp\u00e9riences uniques<\/span><\/h3>\n<p>Ce projet est un organisme vivant en constante \u00e9volution, et chez TAU, nous continuons \u00e0 apporter notre expertise avec des <strong>solutions en c\u00e9ramique \u00e0 haute r\u00e9sistance<\/strong>, id\u00e9ales pour r\u00e9sister au passage intensif dans un \u00e9tablissement qui accueille des centaines d&rsquo;\u00e9l\u00e8ves.<\/p>\n<p>Nos mat\u00e9riaux r\u00e9pondent non seulement aux exigences esth\u00e9tiques, mais \u00e9galement aux crit\u00e8res techniques n\u00e9cessaires pour \u00eatre utilis\u00e9s dans les espaces ext\u00e9rieurs, les laboratoires et les ateliers, o\u00f9 durabilit\u00e9 et s\u00e9curit\u00e9 sont essentielles.<\/p>\n<p>C&rsquo;est un projet o\u00f9 nous contribuons, apprenons et grandissons ensemble, b\u00e2tissant un avenir o\u00f9 l\u2019\u00e9ducation, la technologie et la c\u00e9ramique s&rsquo;int\u00e8grent pour cr\u00e9er des environnements d\u2019apprentissage inspirants et fonctionnels.<\/p>\n","protected":false},"excerpt":{"rendered":"<p>Chez TAU, nous sommes fiers d\u2019annoncer notre collaboration avec le projet d\u2019innovation \u00e9ducative men\u00e9 par l\u2019IES Cotes Baixes d\u2019Alcoy. Cet [&hellip;]<\/p>\n","protected":false},"author":2,"featured_media":651259,"comment_status":"open","ping_status":"open","sticky":false,"template":"","format":"standard","meta":{"_acf_changed":false,"footnotes":""},"categories":[85903],"tags":[],"profiles":[],"class_list":["post-651268","post","type-post","status-publish","format-standard","has-post-thumbnail","hentry","category-corporatif"],"acf":[],"_links":{"self":[{"href":"https:\/\/www.tauceramica.com\/fr\/wp-json\/wp\/v2\/posts\/651268","targetHints":{"allow":["GET"]}}],"collection":[{"href":"https:\/\/www.tauceramica.com\/fr\/wp-json\/wp\/v2\/posts"}],"about":[{"href":"https:\/\/www.tauceramica.com\/fr\/wp-json\/wp\/v2\/types\/post"}],"author":[{"embeddable":true,"href":"https:\/\/www.tauceramica.com\/fr\/wp-json\/wp\/v2\/users\/2"}],"replies":[{"embeddable":true,"href":"https:\/\/www.tauceramica.com\/fr\/wp-json\/wp\/v2\/comments?post=651268"}],"version-history":[{"count":1,"href":"https:\/\/www.tauceramica.com\/fr\/wp-json\/wp\/v2\/posts\/651268\/revisions"}],"predecessor-version":[{"id":651269,"href":"https:\/\/www.tauceramica.com\/fr\/wp-json\/wp\/v2\/posts\/651268\/revisions\/651269"}],"wp:featuredmedia":[{"embeddable":true,"href":"https:\/\/www.tauceramica.com\/fr\/wp-json\/wp\/v2\/media\/651259"}],"wp:attachment":[{"href":"https:\/\/www.tauceramica.com\/fr\/wp-json\/wp\/v2\/media?parent=651268"}],"wp:term":[{"taxonomy":"category","embeddable":true,"href":"https:\/\/www.tauceramica.com\/fr\/wp-json\/wp\/v2\/categories?post=651268"},{"taxonomy":"post_tag","embeddable":true,"href":"https:\/\/www.tauceramica.com\/fr\/wp-json\/wp\/v2\/tags?post=651268"},{"taxonomy":"profiles","embeddable":true,"href":"https:\/\/www.tauceramica.com\/fr\/wp-json\/wp\/v2\/profiles?post=651268"}],"curies":[{"name":"wp","href":"https:\/\/api.w.org\/{rel}","templated":true}]}}