{"id":757379,"date":"2025-03-18T16:43:15","date_gmt":"2025-03-18T15:43:15","guid":{"rendered":"https:\/\/www.tauceramica.com\/?p=757379"},"modified":"2025-03-20T12:47:40","modified_gmt":"2025-03-20T11:47:40","slug":"slow-design-la-nouvelle-essence-du-design-dinterieur","status":"publish","type":"post","link":"https:\/\/www.tauceramica.com\/fr\/slow-design-la-nouvelle-essence-du-design-dinterieur\/","title":{"rendered":"Slow Design : La nouvelle essence du design d&rsquo;int\u00e9rieur"},"content":{"rendered":"<p data-pm-slice=\"1 1 []\">Lors de la r\u00e9cente c\u00e9r\u00e9monie des <strong>ELLE Decoration Awards 2025<\/strong>, le <strong>Slow Design<\/strong> a \u00e9t\u00e9 pr\u00e9sent\u00e9 comme la tendance phare de l\u2019ann\u00e9e. Comme l\u2019a expliqu\u00e9 Marta Riop\u00e9rez, directrice du magazine, il ne s\u2019agit pas de concevoir lentement, mais de cr\u00e9er avec une <strong>essence pure et sophistiqu\u00e9e<\/strong>. Cette philosophie red\u00e9finit la mani\u00e8re dont nous concevons et vivons les espaces, en pla\u00e7ant le bien-\u00eatre et la connexion avec notre entourage au centre des pr\u00e9occupations.<\/p>\n<h4>L&rsquo;Origine du Slow Design: De la cuisine au design<\/h4>\n<p>Le <strong>Slow Design<\/strong> trouve ses racines en Italie, dans le mouvement <strong>Slow Food<\/strong>, qui est n\u00e9 en r\u00e9action \u00e0 l\u2019ouverture d\u2019un restaurant McDonald&rsquo;s sur la Piazza di Spagna \u00e0 Rome. Le Slow Food pr\u00f4ne le plaisir des produits r\u00e9gionaux et des repas traditionnels, promouvant une culture gastronomique durable et respectueuse de l\u2019environnement. Avec le temps, cette philosophie s\u2019est \u00e9tendue \u00e0 d\u2019autres domaines, donnant naissance au <strong>Mouvement Slow<\/strong>, qui vise \u00e0 reprendre le contr\u00f4le du temps et \u00e0 privil\u00e9gier la qualit\u00e9 plut\u00f4t que la rapidit\u00e9 dans divers aspects de la vie, y compris le design.<\/p>\n<h4>Les principes du Slow Design<\/h4>\n<p>Le <strong>Slow Design<\/strong> encourage une cr\u00e9ation r\u00e9fl\u00e9chie, o\u00f9 fonctionnalit\u00e9 et esth\u00e9tique se conjuguent avec respect pour l\u2019environnement et les individus. Ses valeurs fondamentales incluent :<\/p>\n<ul data-spread=\"false\">\n<li><strong>Bien-\u00eatre individuel, social et environnemental<\/strong> : Prioriser la qualit\u00e9 de vie des utilisateurs des espaces.<\/li>\n<li><strong>Utilisation de mat\u00e9riaux locaux et recycl\u00e9s<\/strong> : Valoriser la production artisanale et durable.<\/li>\n<li><strong>Un design intemporel et durable<\/strong> : Concevoir des pi\u00e8ces qui traversent les g\u00e9n\u00e9rations, en \u00e9vitant l\u2019obsolescence programm\u00e9e.<\/li>\n<li><strong>Des b\u00e9n\u00e9fices socioculturels<\/strong> : Pr\u00e9server les techniques traditionnelles et renforcer le lien avec l\u2019identit\u00e9 locale.<\/li>\n<li><strong>Efficacit\u00e9 et durabilit\u00e9<\/strong> : R\u00e9duire l\u2019impact environnemental en limitant la consommation d\u2019\u00e9nergie et l\u2019utilisation de mat\u00e9riaux toxiques.<\/li>\n<\/ul>\n<p>Cette philosophie s\u2019\u00e9loigne de la commercialisation de masse et se concentre sur <strong>le design pens\u00e9 pour les gens avant le march\u00e9<\/strong>, mettant en avant l\u2019artisanat et l\u2019essence de chaque cr\u00e9ation.<\/p>\n<h4>SENSE : L\u2019Expression du Slow Design chez TAU<\/h4>\n<p>Chez TAU, cette sensibilit\u00e9 au <strong>Slow Design<\/strong> a inspir\u00e9 notre concept cr\u00e9atif <strong>SENSE<\/strong>. Cette collection 2025 est n\u00e9e d\u2019une qu\u00eate de l\u2019essentiel, c\u00e9l\u00e9brant la sophistication qui d\u00e9coule de la puret\u00e9 du design.<\/p>\n<p>Avec <strong>SENSE<\/strong>, nous nous concentrons sur :<\/p>\n<ul data-spread=\"false\">\n<li><strong>Des formes intemporelles et des mat\u00e9riaux nobles<\/strong> qui r\u00e9sistent \u00e0 l\u2019\u00e9preuve du temps.<\/li>\n<li><strong>Des couleurs et textures naturelles<\/strong> qui \u00e9voquent calme et harmonie.<\/li>\n<li><strong>Une esth\u00e9tique \u00e9pur\u00e9e<\/strong> qui \u00e9limine le superflu et met en valeur l\u2019essentiel.<\/li>\n<li><strong>Un engagement pour la durabilit\u00e9<\/strong>, en choisissant des mat\u00e9riaux recycl\u00e9s et des processus responsables.<\/li>\n<\/ul>\n<p>Dans un monde domin\u00e9 par l\u2019imm\u00e9diatet\u00e9 et la surcharge visuelle, <strong>SENSE repr\u00e9sente un sanctuaire de calme et de clart\u00e9<\/strong>, une expression du luxe fond\u00e9e sur l\u2019authenticit\u00e9 et la connexion \u00e9motionnelle aux espaces. Car le design ne se limite pas \u00e0 l\u2019esth\u00e9tique, il consiste \u00e0 cr\u00e9er des environnements qui inspirent un mode de vie plus conscient et enrichissant.<\/p>\n<h4 data-start=\"1085\" data-end=\"1110\"><strong data-start=\"1090\" data-end=\"1110\">Pourquoi SENSE ?<\/strong><\/h4>\n<p data-start=\"1112\" data-end=\"1487\">Le nom <strong data-start=\"1119\" data-end=\"1128\">SENSE<\/strong> provient de l\u2019anglais et signifie \u00ab sens \u00bb, faisant r\u00e9f\u00e9rence \u00e0 la fois \u00e0 la perception sensorielle et \u00e0 la signification profonde des choses. Dans le contexte du <strong data-start=\"1292\" data-end=\"1307\">Slow Design<\/strong> et du <strong data-start=\"1314\" data-end=\"1329\">Slow Living<\/strong>, \u00ab sens \u00bb implique de concevoir avec intention, en cr\u00e9ant des espaces qui ne sont pas seulement beaux, mais qui transmettent \u00e9galement \u00e9quilibre et harmonie.<\/p>\n<p data-start=\"1489\" data-end=\"1854\">Le concept <strong data-start=\"1500\" data-end=\"1509\">SENSE<\/strong> incarne l\u2019essence du <strong data-start=\"1531\" data-end=\"1546\">Slow Design<\/strong> et du <strong data-start=\"1553\" data-end=\"1568\">Slow Living<\/strong>. Son sens va au-del\u00e0 du design ; c\u2019est une invitation \u00e0 vivre les espaces d\u2019une mani\u00e8re sensorielle, authentique et consciente. <strong data-start=\"1697\" data-end=\"1706\">SENSE<\/strong> \u00e9voque la capacit\u00e9 de percevoir, de ressentir et de se connecter \u00e0 l\u2019environnement, en cr\u00e9ant un lien entre l\u2019utilisateur et l\u2019espace qu\u2019il habite.<\/p>\n<p data-start=\"1856\" data-end=\"2206\">Chaque pi\u00e8ce de cette collection est con\u00e7ue pour \u00eatre plus qu\u2019un simple objet : c\u2019est une exp\u00e9rience qui invite au calme, \u00e0 la pleine appr\u00e9ciation du moment pr\u00e9sent et \u00e0 la contemplation de la beaut\u00e9 dans sa forme la plus pure. Choisir <strong data-start=\"2092\" data-end=\"2101\">SENSE<\/strong>, c\u2019est adopter un mode de vie o\u00f9 la durabilit\u00e9, l\u2019harmonie et l\u2019intemporalit\u00e9 sont les v\u00e9ritables luxes.<\/p>\n<h3>Red\u00e9finir le Luxe \u00e0 travers le Slow Design<\/h3>\n<p>Le luxe n\u2019est plus associ\u00e9 \u00e0 l\u2019ostentation, mais \u00e0 la qualit\u00e9 de l\u2019exp\u00e9rience. <strong>SENSE<\/strong> incarne cette nouvelle d\u00e9finition, o\u00f9 chaque d\u00e9tail est une d\u00e9claration d\u2019intention et chaque pi\u00e8ce une invitation \u00e0 appr\u00e9cier la beaut\u00e9 dans son \u00e9tat le plus pur.<\/p>\n<p>Avec cette collection, TAU s\u2019impose comme une r\u00e9f\u00e9rence en mati\u00e8re de <strong>design conscient<\/strong>, en proposant des solutions qui respectent l\u2019\u00e9quilibre entre esth\u00e9tique, fonctionnalit\u00e9 et durabilit\u00e9.<\/p>\n<p><strong>SENSE est une invitation \u00e0 vivre le design avec authenticit\u00e9.<\/strong><\/p>\n<p>&nbsp;<\/p>\n","protected":false},"excerpt":{"rendered":"<p>Lors de la r\u00e9cente c\u00e9r\u00e9monie des ELLE Decoration Awards 2025, le Slow Design a \u00e9t\u00e9 pr\u00e9sent\u00e9 comme la tendance phare [&hellip;]<\/p>\n","protected":false},"author":2,"featured_media":757371,"comment_status":"open","ping_status":"open","sticky":false,"template":"","format":"standard","meta":{"_acf_changed":false,"footnotes":""},"categories":[85904],"tags":[],"profiles":[],"class_list":["post-757379","post","type-post","status-publish","format-standard","has-post-thumbnail","hentry","category-decoration-dinterieur"],"acf":[],"_links":{"self":[{"href":"https:\/\/www.tauceramica.com\/fr\/wp-json\/wp\/v2\/posts\/757379","targetHints":{"allow":["GET"]}}],"collection":[{"href":"https:\/\/www.tauceramica.com\/fr\/wp-json\/wp\/v2\/posts"}],"about":[{"href":"https:\/\/www.tauceramica.com\/fr\/wp-json\/wp\/v2\/types\/post"}],"author":[{"embeddable":true,"href":"https:\/\/www.tauceramica.com\/fr\/wp-json\/wp\/v2\/users\/2"}],"replies":[{"embeddable":true,"href":"https:\/\/www.tauceramica.com\/fr\/wp-json\/wp\/v2\/comments?post=757379"}],"version-history":[{"count":2,"href":"https:\/\/www.tauceramica.com\/fr\/wp-json\/wp\/v2\/posts\/757379\/revisions"}],"predecessor-version":[{"id":757385,"href":"https:\/\/www.tauceramica.com\/fr\/wp-json\/wp\/v2\/posts\/757379\/revisions\/757385"}],"wp:featuredmedia":[{"embeddable":true,"href":"https:\/\/www.tauceramica.com\/fr\/wp-json\/wp\/v2\/media\/757371"}],"wp:attachment":[{"href":"https:\/\/www.tauceramica.com\/fr\/wp-json\/wp\/v2\/media?parent=757379"}],"wp:term":[{"taxonomy":"category","embeddable":true,"href":"https:\/\/www.tauceramica.com\/fr\/wp-json\/wp\/v2\/categories?post=757379"},{"taxonomy":"post_tag","embeddable":true,"href":"https:\/\/www.tauceramica.com\/fr\/wp-json\/wp\/v2\/tags?post=757379"},{"taxonomy":"profiles","embeddable":true,"href":"https:\/\/www.tauceramica.com\/fr\/wp-json\/wp\/v2\/profiles?post=757379"}],"curies":[{"name":"wp","href":"https:\/\/api.w.org\/{rel}","templated":true}]}}